{"id":4251,"date":"2022-12-05T17:12:58","date_gmt":"2022-12-05T17:12:58","guid":{"rendered":"https:\/\/www.amigofielbombarral.com\/?p=4251"},"modified":"2022-12-05T17:34:41","modified_gmt":"2022-12-05T17:34:41","slug":"international-volunteer-day","status":"publish","type":"post","link":"https:\/\/www.amigofielbombarral.com\/en\/international-volunteer-day\/","title":{"rendered":"International Volunteer Day"},"content":{"rendered":"<div data-elementor-type=\"wp-post\" data-elementor-id=\"4251\" class=\"elementor elementor-4251\">\n\t\t\t\t\t\t<section class=\"elementor-section elementor-top-section elementor-element elementor-element-k3obcg5 elementor-section-content-middle elementor-section-boxed elementor-section-height-default elementor-section-height-default\" data-id=\"k3obcg5\" data-element_type=\"section\" data-e-type=\"section\" data-settings=\"{&quot;background_background&quot;:&quot;classic&quot;}\">\n\t\t\t\t\t\t\t<div class=\"elementor-background-overlay\"><\/div>\n\t\t\t\t\t\t\t<div class=\"elementor-container elementor-column-gap-no\">\n\t\t\t\t\t<div class=\"elementor-column elementor-col-50 elementor-top-column elementor-element elementor-element-04229e9\" data-id=\"04229e9\" data-element_type=\"column\" data-e-type=\"column\">\n\t\t\t<div class=\"elementor-widget-wrap elementor-element-populated\">\n\t\t\t\t\t\t<div class=\"elementor-element elementor-element-bdb5955 elementor-widget elementor-widget-heading\" data-id=\"bdb5955\" data-element_type=\"widget\" data-e-type=\"widget\" data-widget_type=\"heading.default\">\n\t\t\t\t<div class=\"elementor-widget-container\">\n\t\t\t\t\t<h2 class=\"elementor-heading-title elementor-size-default\">International Volunteer Day<\/h2>\t\t\t\t<\/div>\n\t\t\t\t<\/div>\n\t\t\t\t<div class=\"elementor-element elementor-element-b1bbbe1 elementor-widget elementor-widget-text-editor\" data-id=\"b1bbbe1\" data-element_type=\"widget\" data-e-type=\"widget\" data-settings=\"{&quot;_animation_mobile&quot;:&quot;fadeIn&quot;}\" data-widget_type=\"text-editor.default\">\n\t\t\t\t<div class=\"elementor-widget-container\">\n\t\t\t\t\t\t\t\t\t<div class=\"x11i5rnm xat24cr x1mh8g0r x1vvkbs xdj266r x126k92a\"><div dir=\"auto\">International Volunteer Day is on December 5. It's a day that recognizes the efforts of volunteers in transforming their societies, economies, and environment.<\/div><div dir=\"auto\">\u00a0<\/div><\/div><div class=\"x11i5rnm xat24cr x1mh8g0r x1vvkbs xtlvy1s x126k92a\"><div dir=\"auto\">Without volunteers, we could not do the work we do to rescue and rehome dogs.<\/div><div dir=\"auto\">\u00a0<\/div><\/div><div class=\"x11i5rnm xat24cr x1mh8g0r x1vvkbs xtlvy1s x126k92a\"><div dir=\"auto\">We are thankful to the countless hours of their time our volunteers give  to Amigo Fiel. You make a difference in the life of all the unwanted dogs.  Your actions allow them to experience love and happiness. You tell our stories and you introduce our wonderful dogs to your friends and family.<\/div><div dir=\"auto\">\u00a0<\/div><div dir=\"auto\">Your impact is immense.  Thank you to all our volunteers.<\/div><\/div>\t\t\t\t\t\t\t\t<\/div>\n\t\t\t\t<\/div>\n\t\t\t\t\t<\/div>\n\t\t<\/div>\n\t\t\t\t<div class=\"elementor-column elementor-col-50 elementor-top-column elementor-element elementor-element-5fcceb3\" data-id=\"5fcceb3\" data-element_type=\"column\" data-e-type=\"column\" data-settings=\"{&quot;animation_mobile&quot;:&quot;fadeIn&quot;}\">\n\t\t\t<div class=\"elementor-widget-wrap elementor-element-populated\">\n\t\t\t\t\t\t<div class=\"elementor-element elementor-element-81e68fc elementor-widget elementor-widget-video\" data-id=\"81e68fc\" data-element_type=\"widget\" data-e-type=\"widget\" data-settings=\"{&quot;video_type&quot;:&quot;hosted&quot;,&quot;controls&quot;:&quot;yes&quot;}\" data-widget_type=\"video.default\">\n\t\t\t\t<div class=\"elementor-widget-container\">\n\t\t\t\t\t\t\t<div class=\"e-hosted-video elementor-wrapper elementor-open-inline\">\n\t\t\t\t\t<video class=\"elementor-video\" src=\"https:\/\/www.amigofielbombarral.com\/wp-content\/uploads\/2022\/12\/Dia-Internacional-do-Voluntario.mp4\" controls=\"\" preload=\"metadata\" controlslist=\"nodownload\"><\/video>\n\t\t\t\t<\/div>\n\t\t\t\t\t\t<\/div>\n\t\t\t\t<\/div>\n\t\t\t\t\t<\/div>\n\t\t<\/div>\n\t\t\t\t\t<\/div>\n\t\t<\/section>\n\t\t\t\t<\/div>","protected":false},"excerpt":{"rendered":"<p>O Dia Internacional do Volunt\u00e1rio O Dia Internacional do Volunt\u00e1rio \u00e9 a 5 de Dezembro. \u00c9 um dia que se reconhece os esfor\u00e7os dos volunt\u00e1rios na transforma\u00e7\u00e3o das suas sociedades, economias, e ambiente.\u00a0Sem volunt\u00e1rios, n\u00e3o poder\u00edamos fazer o trabalho que fazemos para salvar e realojar c\u00e3es.\u00a0Estamos gratos \u00e0s in\u00fameras horas que os nossos volunt\u00e1rios d\u00e3o [&hellip;]<\/p>\n","protected":false},"author":3,"featured_media":4256,"comment_status":"closed","ping_status":"closed","sticky":false,"template":"elementor_header_footer","format":"standard","meta":{"site-sidebar-layout":"default","site-content-layout":"","ast-site-content-layout":"default","site-content-style":"default","site-sidebar-style":"default","ast-global-header-display":"","ast-banner-title-visibility":"","ast-main-header-display":"","ast-hfb-above-header-display":"","ast-hfb-below-header-display":"","ast-hfb-mobile-header-display":"","site-post-title":"","ast-breadcrumbs-content":"","ast-featured-img":"","footer-sml-layout":"","ast-disable-related-posts":"","theme-transparent-header-meta":"","adv-header-id-meta":"","stick-header-meta":"","header-above-stick-meta":"","header-main-stick-meta":"","header-below-stick-meta":"","astra-migrate-meta-layouts":"default","ast-page-background-enabled":"default","ast-page-background-meta":{"desktop":{"background-color":"var(--ast-global-color-4)","background-image":"","background-repeat":"repeat","background-position":"center center","background-size":"auto","background-attachment":"scroll","background-type":"","background-media":"","overlay-type":"","overlay-color":"","overlay-opacity":"","overlay-gradient":""},"tablet":{"background-color":"","background-image":"","background-repeat":"repeat","background-position":"center center","background-size":"auto","background-attachment":"scroll","background-type":"","background-media":"","overlay-type":"","overlay-color":"","overlay-opacity":"","overlay-gradient":""},"mobile":{"background-color":"","background-image":"","background-repeat":"repeat","background-position":"center center","background-size":"auto","background-attachment":"scroll","background-type":"","background-media":"","overlay-type":"","overlay-color":"","overlay-opacity":"","overlay-gradient":""}},"ast-content-background-meta":{"desktop":{"background-color":"var(--ast-global-color-5)","background-image":"","background-repeat":"repeat","background-position":"center center","background-size":"auto","background-attachment":"scroll","background-type":"","background-media":"","overlay-type":"","overlay-color":"","overlay-opacity":"","overlay-gradient":""},"tablet":{"background-color":"var(--ast-global-color-5)","background-image":"","background-repeat":"repeat","background-position":"center center","background-size":"auto","background-attachment":"scroll","background-type":"","background-media":"","overlay-type":"","overlay-color":"","overlay-opacity":"","overlay-gradient":""},"mobile":{"background-color":"var(--ast-global-color-5)","background-image":"","background-repeat":"repeat","background-position":"center center","background-size":"auto","background-attachment":"scroll","background-type":"","background-media":"","overlay-type":"","overlay-color":"","overlay-opacity":"","overlay-gradient":""}},"footnotes":""},"categories":[37],"tags":[],"class_list":["post-4251","post","type-post","status-publish","format-standard","has-post-thumbnail","hentry","category-noticias"],"yoast_head":"<!-- This site is optimized with the Yoast SEO plugin v27.5 - https:\/\/yoast.com\/product\/yoast-seo-wordpress\/ -->\n<title>International Volunteer Day - Amigo Fiel Bombarral<\/title>\n<meta name=\"robots\" content=\"index, follow, max-snippet:-1, max-image-preview:large, max-video-preview:-1\" \/>\n<link rel=\"canonical\" href=\"https:\/\/www.amigofielbombarral.com\/en\/international-volunteer-day\/\" \/>\n<meta property=\"og:locale\" content=\"en_GB\" \/>\n<meta property=\"og:type\" content=\"article\" \/>\n<meta property=\"og:title\" content=\"International Volunteer Day - Amigo Fiel Bombarral\" \/>\n<meta property=\"og:description\" content=\"O Dia Internacional do Volunt\u00e1rio O Dia Internacional do Volunt\u00e1rio \u00e9 a 5 de Dezembro. \u00c9 um dia que se reconhece os esfor\u00e7os dos volunt\u00e1rios na transforma\u00e7\u00e3o das suas sociedades, economias, e ambiente.\u00a0Sem volunt\u00e1rios, n\u00e3o poder\u00edamos fazer o trabalho que fazemos para salvar e realojar c\u00e3es.\u00a0Estamos gratos \u00e0s in\u00fameras horas que os nossos volunt\u00e1rios d\u00e3o [&hellip;]\" \/>\n<meta property=\"og:url\" content=\"https:\/\/www.amigofielbombarral.com\/en\/international-volunteer-day\/\" \/>\n<meta property=\"og:site_name\" content=\"Amigo Fiel Bombarral\" \/>\n<meta property=\"article:published_time\" content=\"2022-12-05T17:12:58+00:00\" \/>\n<meta property=\"article:modified_time\" content=\"2022-12-05T17:34:41+00:00\" \/>\n<meta property=\"og:image\" content=\"https:\/\/www.amigofielbombarral.com\/wp-content\/uploads\/2022\/12\/featured-image-volunteer-day.png\" \/>\n\t<meta property=\"og:image:width\" content=\"1200\" \/>\n\t<meta property=\"og:image:height\" content=\"900\" \/>\n\t<meta property=\"og:image:type\" content=\"image\/png\" \/>\n<meta name=\"author\" content=\"Amigo Fiel\" \/>\n<meta name=\"twitter:card\" content=\"summary_large_image\" \/>\n<meta name=\"twitter:label1\" content=\"Written by\" \/>\n\t<meta name=\"twitter:data1\" content=\"Amigo Fiel\" \/>\n\t<meta name=\"twitter:label2\" content=\"Estimated reading time\" \/>\n\t<meta name=\"twitter:data2\" content=\"1 minute\" \/>\n<script type=\"application\/ld+json\" class=\"yoast-schema-graph\">{\"@context\":\"https:\\\/\\\/schema.org\",\"@graph\":[{\"@type\":\"Article\",\"@id\":\"https:\\\/\\\/www.amigofielbombarral.com\\\/international-volunteer-day\\\/#article\",\"isPartOf\":{\"@id\":\"https:\\\/\\\/www.amigofielbombarral.com\\\/international-volunteer-day\\\/\"},\"author\":{\"name\":\"Amigo Fiel\",\"@id\":\"https:\\\/\\\/www.amigofielbombarral.com\\\/#\\\/schema\\\/person\\\/4b039dcdf037bb5e74f209cbdf1e37bc\"},\"headline\":\"International Volunteer Day\",\"datePublished\":\"2022-12-05T17:12:58+00:00\",\"dateModified\":\"2022-12-05T17:34:41+00:00\",\"mainEntityOfPage\":{\"@id\":\"https:\\\/\\\/www.amigofielbombarral.com\\\/international-volunteer-day\\\/\"},\"wordCount\":133,\"publisher\":{\"@id\":\"https:\\\/\\\/www.amigofielbombarral.com\\\/#organization\"},\"image\":{\"@id\":\"https:\\\/\\\/www.amigofielbombarral.com\\\/international-volunteer-day\\\/#primaryimage\"},\"thumbnailUrl\":\"https:\\\/\\\/www.amigofielbombarral.com\\\/wp-content\\\/uploads\\\/2022\\\/12\\\/featured-image-volunteer-day.png\",\"articleSection\":[\"Not\u00edcias\"],\"inLanguage\":\"en-GB\"},{\"@type\":\"WebPage\",\"@id\":\"https:\\\/\\\/www.amigofielbombarral.com\\\/international-volunteer-day\\\/\",\"url\":\"https:\\\/\\\/www.amigofielbombarral.com\\\/international-volunteer-day\\\/\",\"name\":\"International Volunteer Day - Amigo Fiel Bombarral\",\"isPartOf\":{\"@id\":\"https:\\\/\\\/www.amigofielbombarral.com\\\/#website\"},\"primaryImageOfPage\":{\"@id\":\"https:\\\/\\\/www.amigofielbombarral.com\\\/international-volunteer-day\\\/#primaryimage\"},\"image\":{\"@id\":\"https:\\\/\\\/www.amigofielbombarral.com\\\/international-volunteer-day\\\/#primaryimage\"},\"thumbnailUrl\":\"https:\\\/\\\/www.amigofielbombarral.com\\\/wp-content\\\/uploads\\\/2022\\\/12\\\/featured-image-volunteer-day.png\",\"datePublished\":\"2022-12-05T17:12:58+00:00\",\"dateModified\":\"2022-12-05T17:34:41+00:00\",\"breadcrumb\":{\"@id\":\"https:\\\/\\\/www.amigofielbombarral.com\\\/international-volunteer-day\\\/#breadcrumb\"},\"inLanguage\":\"en-GB\",\"potentialAction\":[{\"@type\":\"ReadAction\",\"target\":[\"https:\\\/\\\/www.amigofielbombarral.com\\\/international-volunteer-day\\\/\"]}]},{\"@type\":\"ImageObject\",\"inLanguage\":\"en-GB\",\"@id\":\"https:\\\/\\\/www.amigofielbombarral.com\\\/international-volunteer-day\\\/#primaryimage\",\"url\":\"https:\\\/\\\/www.amigofielbombarral.com\\\/wp-content\\\/uploads\\\/2022\\\/12\\\/featured-image-volunteer-day.png\",\"contentUrl\":\"https:\\\/\\\/www.amigofielbombarral.com\\\/wp-content\\\/uploads\\\/2022\\\/12\\\/featured-image-volunteer-day.png\",\"width\":1200,\"height\":900},{\"@type\":\"BreadcrumbList\",\"@id\":\"https:\\\/\\\/www.amigofielbombarral.com\\\/international-volunteer-day\\\/#breadcrumb\",\"itemListElement\":[{\"@type\":\"ListItem\",\"position\":1,\"name\":\"Home\",\"item\":\"https:\\\/\\\/www.amigofielbombarral.com\\\/\"},{\"@type\":\"ListItem\",\"position\":2,\"name\":\"International Volunteer Day\"}]},{\"@type\":\"WebSite\",\"@id\":\"https:\\\/\\\/www.amigofielbombarral.com\\\/#website\",\"url\":\"https:\\\/\\\/www.amigofielbombarral.com\\\/\",\"name\":\"Amigo Fiel Bombarral\",\"description\":\"Associa\u00e7\u00e3o Protectora de Animais do Bombarral\\\/ Animal Protection Association of Bombarral, Portugal\",\"publisher\":{\"@id\":\"https:\\\/\\\/www.amigofielbombarral.com\\\/#organization\"},\"potentialAction\":[{\"@type\":\"SearchAction\",\"target\":{\"@type\":\"EntryPoint\",\"urlTemplate\":\"https:\\\/\\\/www.amigofielbombarral.com\\\/?s={search_term_string}\"},\"query-input\":{\"@type\":\"PropertyValueSpecification\",\"valueRequired\":true,\"valueName\":\"search_term_string\"}}],\"inLanguage\":\"en-GB\"},{\"@type\":\"Organization\",\"@id\":\"https:\\\/\\\/www.amigofielbombarral.com\\\/#organization\",\"name\":\"Amigo Fiel Bombarral\",\"url\":\"https:\\\/\\\/www.amigofielbombarral.com\\\/\",\"logo\":{\"@type\":\"ImageObject\",\"inLanguage\":\"en-GB\",\"@id\":\"https:\\\/\\\/www.amigofielbombarral.com\\\/#\\\/schema\\\/logo\\\/image\\\/\",\"url\":\"https:\\\/\\\/www.amigofielbombarral.com\\\/wp-content\\\/uploads\\\/2024\\\/03\\\/cropped-AF-logo-2024-website.png\",\"contentUrl\":\"https:\\\/\\\/www.amigofielbombarral.com\\\/wp-content\\\/uploads\\\/2024\\\/03\\\/cropped-AF-logo-2024-website.png\",\"width\":499,\"height\":261,\"caption\":\"Amigo Fiel Bombarral\"},\"image\":{\"@id\":\"https:\\\/\\\/www.amigofielbombarral.com\\\/#\\\/schema\\\/logo\\\/image\\\/\"}},{\"@type\":\"Person\",\"@id\":\"https:\\\/\\\/www.amigofielbombarral.com\\\/#\\\/schema\\\/person\\\/4b039dcdf037bb5e74f209cbdf1e37bc\",\"name\":\"Amigo Fiel\",\"image\":{\"@type\":\"ImageObject\",\"inLanguage\":\"en-GB\",\"@id\":\"https:\\\/\\\/secure.gravatar.com\\\/avatar\\\/0b6f79f376eae73721c304474e71d85088ba8206bad9f4524bc5e3f65e219c2b?s=96&d=mm&r=g\",\"url\":\"https:\\\/\\\/secure.gravatar.com\\\/avatar\\\/0b6f79f376eae73721c304474e71d85088ba8206bad9f4524bc5e3f65e219c2b?s=96&d=mm&r=g\",\"contentUrl\":\"https:\\\/\\\/secure.gravatar.com\\\/avatar\\\/0b6f79f376eae73721c304474e71d85088ba8206bad9f4524bc5e3f65e219c2b?s=96&d=mm&r=g\",\"caption\":\"Amigo Fiel\"},\"url\":\"https:\\\/\\\/www.amigofielbombarral.com\\\/en\\\/author\\\/amigo-fiel\\\/\"}]}<\/script>\n<!-- \/ Yoast SEO plugin. -->","yoast_head_json":{"title":"International Volunteer Day - Amigo Fiel Bombarral","robots":{"index":"index","follow":"follow","max-snippet":"max-snippet:-1","max-image-preview":"max-image-preview:large","max-video-preview":"max-video-preview:-1"},"canonical":"https:\/\/www.amigofielbombarral.com\/en\/international-volunteer-day\/","og_locale":"en_GB","og_type":"article","og_title":"International Volunteer Day - Amigo Fiel Bombarral","og_description":"O Dia Internacional do Volunt\u00e1rio O Dia Internacional do Volunt\u00e1rio \u00e9 a 5 de Dezembro. \u00c9 um dia que se reconhece os esfor\u00e7os dos volunt\u00e1rios na transforma\u00e7\u00e3o das suas sociedades, economias, e ambiente.\u00a0Sem volunt\u00e1rios, n\u00e3o poder\u00edamos fazer o trabalho que fazemos para salvar e realojar c\u00e3es.\u00a0Estamos gratos \u00e0s in\u00fameras horas que os nossos volunt\u00e1rios d\u00e3o [&hellip;]","og_url":"https:\/\/www.amigofielbombarral.com\/en\/international-volunteer-day\/","og_site_name":"Amigo Fiel Bombarral","article_published_time":"2022-12-05T17:12:58+00:00","article_modified_time":"2022-12-05T17:34:41+00:00","og_image":[{"width":1200,"height":900,"url":"https:\/\/www.amigofielbombarral.com\/wp-content\/uploads\/2022\/12\/featured-image-volunteer-day.png","type":"image\/png"}],"author":"Amigo Fiel","twitter_card":"summary_large_image","twitter_misc":{"Written by":"Amigo Fiel","Estimated reading time":"1 minute"},"schema":{"@context":"https:\/\/schema.org","@graph":[{"@type":"Article","@id":"https:\/\/www.amigofielbombarral.com\/international-volunteer-day\/#article","isPartOf":{"@id":"https:\/\/www.amigofielbombarral.com\/international-volunteer-day\/"},"author":{"name":"Amigo Fiel","@id":"https:\/\/www.amigofielbombarral.com\/#\/schema\/person\/4b039dcdf037bb5e74f209cbdf1e37bc"},"headline":"International Volunteer Day","datePublished":"2022-12-05T17:12:58+00:00","dateModified":"2022-12-05T17:34:41+00:00","mainEntityOfPage":{"@id":"https:\/\/www.amigofielbombarral.com\/international-volunteer-day\/"},"wordCount":133,"publisher":{"@id":"https:\/\/www.amigofielbombarral.com\/#organization"},"image":{"@id":"https:\/\/www.amigofielbombarral.com\/international-volunteer-day\/#primaryimage"},"thumbnailUrl":"https:\/\/www.amigofielbombarral.com\/wp-content\/uploads\/2022\/12\/featured-image-volunteer-day.png","articleSection":["Not\u00edcias"],"inLanguage":"en-GB"},{"@type":"WebPage","@id":"https:\/\/www.amigofielbombarral.com\/international-volunteer-day\/","url":"https:\/\/www.amigofielbombarral.com\/international-volunteer-day\/","name":"International Volunteer Day - Amigo Fiel Bombarral","isPartOf":{"@id":"https:\/\/www.amigofielbombarral.com\/#website"},"primaryImageOfPage":{"@id":"https:\/\/www.amigofielbombarral.com\/international-volunteer-day\/#primaryimage"},"image":{"@id":"https:\/\/www.amigofielbombarral.com\/international-volunteer-day\/#primaryimage"},"thumbnailUrl":"https:\/\/www.amigofielbombarral.com\/wp-content\/uploads\/2022\/12\/featured-image-volunteer-day.png","datePublished":"2022-12-05T17:12:58+00:00","dateModified":"2022-12-05T17:34:41+00:00","breadcrumb":{"@id":"https:\/\/www.amigofielbombarral.com\/international-volunteer-day\/#breadcrumb"},"inLanguage":"en-GB","potentialAction":[{"@type":"ReadAction","target":["https:\/\/www.amigofielbombarral.com\/international-volunteer-day\/"]}]},{"@type":"ImageObject","inLanguage":"en-GB","@id":"https:\/\/www.amigofielbombarral.com\/international-volunteer-day\/#primaryimage","url":"https:\/\/www.amigofielbombarral.com\/wp-content\/uploads\/2022\/12\/featured-image-volunteer-day.png","contentUrl":"https:\/\/www.amigofielbombarral.com\/wp-content\/uploads\/2022\/12\/featured-image-volunteer-day.png","width":1200,"height":900},{"@type":"BreadcrumbList","@id":"https:\/\/www.amigofielbombarral.com\/international-volunteer-day\/#breadcrumb","itemListElement":[{"@type":"ListItem","position":1,"name":"Home","item":"https:\/\/www.amigofielbombarral.com\/"},{"@type":"ListItem","position":2,"name":"International Volunteer Day"}]},{"@type":"WebSite","@id":"https:\/\/www.amigofielbombarral.com\/#website","url":"https:\/\/www.amigofielbombarral.com\/","name":"Amigo Fiel Bombarral","description":"Associa\u00e7\u00e3o Protectora de Animais do Bombarral\/ Animal Protection Association of Bombarral, Portugal","publisher":{"@id":"https:\/\/www.amigofielbombarral.com\/#organization"},"potentialAction":[{"@type":"SearchAction","target":{"@type":"EntryPoint","urlTemplate":"https:\/\/www.amigofielbombarral.com\/?s={search_term_string}"},"query-input":{"@type":"PropertyValueSpecification","valueRequired":true,"valueName":"search_term_string"}}],"inLanguage":"en-GB"},{"@type":"Organization","@id":"https:\/\/www.amigofielbombarral.com\/#organization","name":"Amigo Fiel Bombarral","url":"https:\/\/www.amigofielbombarral.com\/","logo":{"@type":"ImageObject","inLanguage":"en-GB","@id":"https:\/\/www.amigofielbombarral.com\/#\/schema\/logo\/image\/","url":"https:\/\/www.amigofielbombarral.com\/wp-content\/uploads\/2024\/03\/cropped-AF-logo-2024-website.png","contentUrl":"https:\/\/www.amigofielbombarral.com\/wp-content\/uploads\/2024\/03\/cropped-AF-logo-2024-website.png","width":499,"height":261,"caption":"Amigo Fiel Bombarral"},"image":{"@id":"https:\/\/www.amigofielbombarral.com\/#\/schema\/logo\/image\/"}},{"@type":"Person","@id":"https:\/\/www.amigofielbombarral.com\/#\/schema\/person\/4b039dcdf037bb5e74f209cbdf1e37bc","name":"Amigo Fiel","image":{"@type":"ImageObject","inLanguage":"en-GB","@id":"https:\/\/secure.gravatar.com\/avatar\/0b6f79f376eae73721c304474e71d85088ba8206bad9f4524bc5e3f65e219c2b?s=96&d=mm&r=g","url":"https:\/\/secure.gravatar.com\/avatar\/0b6f79f376eae73721c304474e71d85088ba8206bad9f4524bc5e3f65e219c2b?s=96&d=mm&r=g","contentUrl":"https:\/\/secure.gravatar.com\/avatar\/0b6f79f376eae73721c304474e71d85088ba8206bad9f4524bc5e3f65e219c2b?s=96&d=mm&r=g","caption":"Amigo Fiel"},"url":"https:\/\/www.amigofielbombarral.com\/en\/author\/amigo-fiel\/"}]}},"_links":{"self":[{"href":"https:\/\/www.amigofielbombarral.com\/en\/wp-json\/wp\/v2\/posts\/4251","targetHints":{"allow":["GET"]}}],"collection":[{"href":"https:\/\/www.amigofielbombarral.com\/en\/wp-json\/wp\/v2\/posts"}],"about":[{"href":"https:\/\/www.amigofielbombarral.com\/en\/wp-json\/wp\/v2\/types\/post"}],"author":[{"embeddable":true,"href":"https:\/\/www.amigofielbombarral.com\/en\/wp-json\/wp\/v2\/users\/3"}],"replies":[{"embeddable":true,"href":"https:\/\/www.amigofielbombarral.com\/en\/wp-json\/wp\/v2\/comments?post=4251"}],"version-history":[{"count":1,"href":"https:\/\/www.amigofielbombarral.com\/en\/wp-json\/wp\/v2\/posts\/4251\/revisions"}],"predecessor-version":[{"id":4269,"href":"https:\/\/www.amigofielbombarral.com\/en\/wp-json\/wp\/v2\/posts\/4251\/revisions\/4269"}],"wp:featuredmedia":[{"embeddable":true,"href":"https:\/\/www.amigofielbombarral.com\/en\/wp-json\/wp\/v2\/media\/4256"}],"wp:attachment":[{"href":"https:\/\/www.amigofielbombarral.com\/en\/wp-json\/wp\/v2\/media?parent=4251"}],"wp:term":[{"taxonomy":"category","embeddable":true,"href":"https:\/\/www.amigofielbombarral.com\/en\/wp-json\/wp\/v2\/categories?post=4251"},{"taxonomy":"post_tag","embeddable":true,"href":"https:\/\/www.amigofielbombarral.com\/en\/wp-json\/wp\/v2\/tags?post=4251"}],"curies":[{"name":"wp","href":"https:\/\/api.w.org\/{rel}","templated":true}]}}