{"id":1715,"date":"2021-09-30T16:26:27","date_gmt":"2021-09-30T16:26:27","guid":{"rendered":"http:\/\/amigofielbombarral.com\/?p=1715"},"modified":"2021-09-30T17:25:31","modified_gmt":"2021-09-30T17:25:31","slug":"precisamos-de-voluntarios-no-abrigo","status":"publish","type":"post","link":"https:\/\/www.amigofielbombarral.com\/en\/precisamos-de-voluntarios-no-abrigo\/","title":{"rendered":"We need volunteers at the shelter!"},"content":{"rendered":"<div data-elementor-type=\"wp-post\" data-elementor-id=\"1715\" class=\"elementor elementor-1715\">\n\t\t\t\t\t\t<section class=\"elementor-section elementor-top-section elementor-element elementor-element-5e41f2c elementor-section-boxed elementor-section-height-default elementor-section-height-default\" data-id=\"5e41f2c\" data-element_type=\"section\" data-e-type=\"section\">\n\t\t\t\t\t\t<div class=\"elementor-container elementor-column-gap-default\">\n\t\t\t\t\t<div class=\"elementor-column elementor-col-100 elementor-top-column elementor-element elementor-element-95b91bb\" data-id=\"95b91bb\" data-element_type=\"column\" data-e-type=\"column\">\n\t\t\t<div class=\"elementor-widget-wrap elementor-element-populated\">\n\t\t\t\t\t\t<div class=\"elementor-element elementor-element-5f7b7f3 elementor-widget elementor-widget-heading\" data-id=\"5f7b7f3\" data-element_type=\"widget\" data-e-type=\"widget\" data-widget_type=\"heading.default\">\n\t\t\t\t<div class=\"elementor-widget-container\">\n\t\t\t\t\t<h2 class=\"elementor-heading-title elementor-size-default\">New volunteers are always welcome at Amigo Fiel<\/h2>\t\t\t\t<\/div>\n\t\t\t\t<\/div>\n\t\t\t\t<div class=\"elementor-element elementor-element-ef3c6f9 elementor-widget-divider--view-line_icon elementor-view-default elementor-widget-divider--element-align-center elementor-widget elementor-widget-divider\" data-id=\"ef3c6f9\" data-element_type=\"widget\" data-e-type=\"widget\" data-widget_type=\"divider.default\">\n\t\t\t\t<div class=\"elementor-widget-container\">\n\t\t\t\t\t\t\t<div class=\"elementor-divider\">\n\t\t\t<span class=\"elementor-divider-separator\">\n\t\t\t\t\t\t\t<div class=\"elementor-icon elementor-divider__element\">\n\t\t\t\t\t<i aria-hidden=\"true\" class=\"fas fa-hands-helping\"><\/i><\/div>\n\t\t\t\t\t\t<\/span>\n\t\t<\/div>\n\t\t\t\t\t\t<\/div>\n\t\t\t\t<\/div>\n\t\t\t\t<div class=\"elementor-element elementor-element-444fdfe elementor-widget elementor-widget-text-editor\" data-id=\"444fdfe\" data-element_type=\"widget\" data-e-type=\"widget\" data-widget_type=\"text-editor.default\">\n\t\t\t\t<div class=\"elementor-widget-container\">\n\t\t\t\t\t\t\t\t\t<div id=\"pg-1400-0\" class=\"panel-grid panel-no-style\"><div id=\"pgc-1400-0-0\" class=\"panel-grid-cell\"><div id=\"panel-1400-0-0-0\" class=\"so-panel widget widget_sow-headline panel-first-child panel-last-child\" data-index=\"0\"><div class=\"so-widget-sow-headline so-widget-sow-headline-default-32b6fd849996-1400\"><div class=\"sow-headline-container\"><h4 class=\"sow-sub-headline\">Spend a few hours each week improving the lives of the dogs.<\/h4><\/div><\/div><\/div><\/div><\/div><div id=\"pg-1400-1\" class=\"panel-grid panel-no-style\"><div id=\"pgc-1400-1-0\" class=\"panel-grid-cell\"><div id=\"panel-1400-1-0-0\" class=\"so-panel widget widget_sow-editor panel-first-child panel-last-child\" data-index=\"1\"><div class=\"so-widget-sow-editor so-widget-sow-editor-base\"><div class=\"siteorigin-widget-tinymce textwidget\">\u00a0<\/div><\/div><\/div><\/div><\/div>\t\t\t\t\t\t\t\t<\/div>\n\t\t\t\t<\/div>\n\t\t\t\t\t<\/div>\n\t\t<\/div>\n\t\t\t\t\t<\/div>\n\t\t<\/section>\n\t\t\t\t<section class=\"elementor-section elementor-top-section elementor-element elementor-element-5a59cde elementor-section-boxed elementor-section-height-default elementor-section-height-default\" data-id=\"5a59cde\" data-element_type=\"section\" data-e-type=\"section\">\n\t\t\t\t\t\t<div class=\"elementor-container elementor-column-gap-default\">\n\t\t\t\t\t<div class=\"elementor-column elementor-col-50 elementor-top-column elementor-element elementor-element-01145e3\" data-id=\"01145e3\" data-element_type=\"column\" data-e-type=\"column\">\n\t\t\t<div class=\"elementor-widget-wrap elementor-element-populated\">\n\t\t\t\t\t\t<div class=\"elementor-element elementor-element-515c001 elementor-invisible elementor-widget elementor-widget-video\" data-id=\"515c001\" data-element_type=\"widget\" data-e-type=\"widget\" data-settings=\"{&quot;youtube_url&quot;:&quot;https:\\\/\\\/youtu.be\\\/OHC-75Bmmgs&quot;,&quot;_animation&quot;:&quot;fadeIn&quot;,&quot;video_type&quot;:&quot;youtube&quot;,&quot;controls&quot;:&quot;yes&quot;}\" data-no-translation=\"\" data-widget_type=\"video.default\">\n\t\t\t\t<div class=\"elementor-widget-container\">\n\t\t\t\t\t<style>.elementor-element-515c001{display:none !important}<\/style>\t\t\t\t<\/div>\n\t\t\t\t<\/div>\n\t\t\t\t\t<\/div>\n\t\t<\/div>\n\t\t\t\t<div class=\"elementor-column elementor-col-50 elementor-top-column elementor-element elementor-element-b6c90dc\" data-id=\"b6c90dc\" data-element_type=\"column\" data-e-type=\"column\">\n\t\t\t<div class=\"elementor-widget-wrap elementor-element-populated\">\n\t\t\t\t\t\t<div class=\"elementor-element elementor-element-3d1995b elementor-invisible elementor-widget elementor-widget-video\" data-id=\"3d1995b\" data-element_type=\"widget\" data-e-type=\"widget\" data-settings=\"{&quot;youtube_url&quot;:&quot;https:\\\/\\\/youtu.be\\\/k8g47H9xINE&quot;,&quot;_animation&quot;:&quot;fadeIn&quot;,&quot;video_type&quot;:&quot;youtube&quot;,&quot;controls&quot;:&quot;yes&quot;}\" data-no-translation=\"\" data-widget_type=\"video.default\">\n\t\t\t\t<div class=\"elementor-widget-container\">\n\t\t\t\t\t\t\t<div class=\"elementor-wrapper elementor-open-inline\">\n\t\t\t<div class=\"elementor-video\"><\/div>\t\t<\/div>\n\t\t\t\t\t\t<\/div>\n\t\t\t\t<\/div>\n\t\t\t\t\t<\/div>\n\t\t<\/div>\n\t\t\t\t\t<\/div>\n\t\t<\/section>\n\t\t\t\t<section class=\"elementor-section elementor-top-section elementor-element elementor-element-d757d8b elementor-section-boxed elementor-section-height-default elementor-section-height-default elementor-invisible\" data-id=\"d757d8b\" data-element_type=\"section\" data-e-type=\"section\" data-settings=\"{&quot;animation&quot;:&quot;fadeIn&quot;}\">\n\t\t\t\t\t\t<div class=\"elementor-container elementor-column-gap-default\">\n\t\t\t\t\t<div class=\"elementor-column elementor-col-100 elementor-top-column elementor-element elementor-element-e3f12a1\" data-id=\"e3f12a1\" data-element_type=\"column\" data-e-type=\"column\">\n\t\t\t<div class=\"elementor-widget-wrap elementor-element-populated\">\n\t\t\t\t\t\t<div class=\"elementor-element elementor-element-5fa36ad elementor-widget elementor-widget-text-editor\" data-id=\"5fa36ad\" data-element_type=\"widget\" data-e-type=\"widget\" data-widget_type=\"text-editor.default\">\n\t\t\t\t<div class=\"elementor-widget-container\">\n\t\t\t\t\t\t\t\t\t<div class=\"elementor-element elementor-element-b8b7d87 elementor-widget elementor-widget-heading\" data-id=\"b8b7d87\" data-element_type=\"widget\" data-widget_type=\"heading.default\"><div class=\"elementor-widget-container\"><h2 class=\"elementor-heading-title elementor-size-default\">Start volunteering!<\/h2><\/div><\/div><div class=\"elementor-element elementor-element-0021a86 elementor-widget elementor-widget-text-editor\" data-id=\"0021a86\" data-element_type=\"widget\" data-widget_type=\"text-editor.default\"><div class=\"elementor-widget-container\"><div class=\"elementor-text-editor elementor-clearfix\"><p>If you like animals and have some free time, become an Amigo Fiel volunteer.\u00a0<\/p><p>You can volunteer according to your schedule and what you most enjoy doing. We need people to help with the cleaning and caring for the dogs every morning of the week.  We also need help with walks, socializing the dogs, and doing vet runs. If you\u00b4d like to join the team, please get in touch through our Facebook page or email us at: <a class=\"oajrlxb2 g5ia77u1 qu0x051f esr5mh6w e9989ue4 r7d6kgcz rq0escxv nhd2j8a9 nc684nl6 p7hjln8o kvgmc6g5 cxmmr5t8 oygrvhab hcukyx3x jb3vyjys rz4wbd8a qt6c0cv9 a8nywdso i1ao9s8h esuyzwwr f1sip0of lzcic4wl py34i1dx gpro0wi8\" tabindex=\"0\" role=\"link\" href=\"mailto:amigo.fiel3@gmail.com\" target=\"_blank\" rel=\"noopener\">amigo.fiel3@gmail.com<\/a>.\u00a0<\/p><p>Our furry friends thank you!<\/p><\/div><\/div><\/div>\t\t\t\t\t\t\t\t<\/div>\n\t\t\t\t<\/div>\n\t\t\t\t\t<\/div>\n\t\t<\/div>\n\t\t\t\t\t<\/div>\n\t\t<\/section>\n\t\t\t\t<\/div>","protected":false},"excerpt":{"rendered":"<p>There are lots of different ways to help out at Amigo Fiel. It all depends on your availability and preferences. Above all, we need help with the daily care of the dogs and maintenance of the shelter.<\/p>","protected":false},"author":3,"featured_media":1035,"comment_status":"closed","ping_status":"closed","sticky":false,"template":"","format":"standard","meta":{"site-sidebar-layout":"default","site-content-layout":"","ast-site-content-layout":"default","site-content-style":"default","site-sidebar-style":"default","ast-global-header-display":"","ast-banner-title-visibility":"","ast-main-header-display":"","ast-hfb-above-header-display":"","ast-hfb-below-header-display":"","ast-hfb-mobile-header-display":"","site-post-title":"","ast-breadcrumbs-content":"","ast-featured-img":"","footer-sml-layout":"","ast-disable-related-posts":"","theme-transparent-header-meta":"","adv-header-id-meta":"","stick-header-meta":"","header-above-stick-meta":"","header-main-stick-meta":"","header-below-stick-meta":"","astra-migrate-meta-layouts":"default","ast-page-background-enabled":"default","ast-page-background-meta":{"desktop":{"background-color":"var(--ast-global-color-4)","background-image":"","background-repeat":"repeat","background-position":"center center","background-size":"auto","background-attachment":"scroll","background-type":"","background-media":"","overlay-type":"","overlay-color":"","overlay-opacity":"","overlay-gradient":""},"tablet":{"background-color":"","background-image":"","background-repeat":"repeat","background-position":"center center","background-size":"auto","background-attachment":"scroll","background-type":"","background-media":"","overlay-type":"","overlay-color":"","overlay-opacity":"","overlay-gradient":""},"mobile":{"background-color":"","background-image":"","background-repeat":"repeat","background-position":"center center","background-size":"auto","background-attachment":"scroll","background-type":"","background-media":"","overlay-type":"","overlay-color":"","overlay-opacity":"","overlay-gradient":""}},"ast-content-background-meta":{"desktop":{"background-color":"var(--ast-global-color-5)","background-image":"","background-repeat":"repeat","background-position":"center center","background-size":"auto","background-attachment":"scroll","background-type":"","background-media":"","overlay-type":"","overlay-color":"","overlay-opacity":"","overlay-gradient":""},"tablet":{"background-color":"var(--ast-global-color-5)","background-image":"","background-repeat":"repeat","background-position":"center center","background-size":"auto","background-attachment":"scroll","background-type":"","background-media":"","overlay-type":"","overlay-color":"","overlay-opacity":"","overlay-gradient":""},"mobile":{"background-color":"var(--ast-global-color-5)","background-image":"","background-repeat":"repeat","background-position":"center center","background-size":"auto","background-attachment":"scroll","background-type":"","background-media":"","overlay-type":"","overlay-color":"","overlay-opacity":"","overlay-gradient":""}},"footnotes":""},"categories":[37],"tags":[],"class_list":["post-1715","post","type-post","status-publish","format-standard","has-post-thumbnail","hentry","category-noticias"],"yoast_head":"<!-- This site is optimized with the Yoast SEO plugin v27.5 - https:\/\/yoast.com\/product\/yoast-seo-wordpress\/ -->\n<title>Precisamos de volunt\u00e1rios no abrigo - Amigo Fiel Bombarral<\/title>\n<meta name=\"robots\" content=\"index, follow, max-snippet:-1, max-image-preview:large, max-video-preview:-1\" \/>\n<link rel=\"canonical\" href=\"https:\/\/www.amigofielbombarral.com\/en\/precisamos-de-voluntarios-no-abrigo\/\" \/>\n<meta property=\"og:locale\" content=\"en_GB\" \/>\n<meta property=\"og:type\" content=\"article\" \/>\n<meta property=\"og:title\" content=\"Precisamos de volunt\u00e1rios no abrigo - Amigo Fiel Bombarral\" \/>\n<meta property=\"og:description\" content=\"O voluntariado na Associa\u00e7\u00e3o Amigo Fiel poder\u00e1 assumir v\u00e1rias formas, consoante a sua disponibilidade e aptid\u00e3o. Sendo que o mais necess\u00e1rio \u00e9 o tratamento di\u00e1rio dos animais que albergamos.\" \/>\n<meta property=\"og:url\" content=\"https:\/\/www.amigofielbombarral.com\/en\/precisamos-de-voluntarios-no-abrigo\/\" \/>\n<meta property=\"og:site_name\" content=\"Amigo Fiel Bombarral\" \/>\n<meta property=\"article:published_time\" content=\"2021-09-30T16:26:27+00:00\" \/>\n<meta property=\"article:modified_time\" content=\"2021-09-30T17:25:31+00:00\" \/>\n<meta property=\"og:image\" content=\"https:\/\/www.amigofielbombarral.com\/wp-content\/uploads\/2021\/09\/241100524_841051346781085_2148428750736641116_n.jpg\" \/>\n\t<meta property=\"og:image:width\" content=\"936\" \/>\n\t<meta property=\"og:image:height\" content=\"749\" \/>\n\t<meta property=\"og:image:type\" content=\"image\/jpeg\" \/>\n<meta name=\"author\" content=\"Amigo Fiel\" \/>\n<meta name=\"twitter:card\" content=\"summary_large_image\" \/>\n<meta name=\"twitter:label1\" content=\"Written by\" \/>\n\t<meta name=\"twitter:data1\" content=\"Amigo Fiel\" \/>\n\t<meta name=\"twitter:label2\" content=\"Estimated reading time\" \/>\n\t<meta name=\"twitter:data2\" content=\"1 minute\" \/>\n<script type=\"application\/ld+json\" class=\"yoast-schema-graph\">{\"@context\":\"https:\\\/\\\/schema.org\",\"@graph\":[{\"@type\":\"Article\",\"@id\":\"https:\\\/\\\/www.amigofielbombarral.com\\\/precisamos-de-voluntarios-no-abrigo\\\/#article\",\"isPartOf\":{\"@id\":\"https:\\\/\\\/www.amigofielbombarral.com\\\/precisamos-de-voluntarios-no-abrigo\\\/\"},\"author\":{\"name\":\"Amigo Fiel\",\"@id\":\"https:\\\/\\\/www.amigofielbombarral.com\\\/#\\\/schema\\\/person\\\/4b039dcdf037bb5e74f209cbdf1e37bc\"},\"headline\":\"Precisamos de volunt\u00e1rios no abrigo\",\"datePublished\":\"2021-09-30T16:26:27+00:00\",\"dateModified\":\"2021-09-30T17:25:31+00:00\",\"mainEntityOfPage\":{\"@id\":\"https:\\\/\\\/www.amigofielbombarral.com\\\/precisamos-de-voluntarios-no-abrigo\\\/\"},\"wordCount\":89,\"publisher\":{\"@id\":\"https:\\\/\\\/www.amigofielbombarral.com\\\/#organization\"},\"image\":{\"@id\":\"https:\\\/\\\/www.amigofielbombarral.com\\\/precisamos-de-voluntarios-no-abrigo\\\/#primaryimage\"},\"thumbnailUrl\":\"https:\\\/\\\/www.amigofielbombarral.com\\\/wp-content\\\/uploads\\\/2021\\\/09\\\/241100524_841051346781085_2148428750736641116_n.jpg\",\"articleSection\":[\"Not\u00edcias\"],\"inLanguage\":\"en-GB\"},{\"@type\":\"WebPage\",\"@id\":\"https:\\\/\\\/www.amigofielbombarral.com\\\/precisamos-de-voluntarios-no-abrigo\\\/\",\"url\":\"https:\\\/\\\/www.amigofielbombarral.com\\\/precisamos-de-voluntarios-no-abrigo\\\/\",\"name\":\"Precisamos de volunt\u00e1rios no abrigo - Amigo Fiel Bombarral\",\"isPartOf\":{\"@id\":\"https:\\\/\\\/www.amigofielbombarral.com\\\/#website\"},\"primaryImageOfPage\":{\"@id\":\"https:\\\/\\\/www.amigofielbombarral.com\\\/precisamos-de-voluntarios-no-abrigo\\\/#primaryimage\"},\"image\":{\"@id\":\"https:\\\/\\\/www.amigofielbombarral.com\\\/precisamos-de-voluntarios-no-abrigo\\\/#primaryimage\"},\"thumbnailUrl\":\"https:\\\/\\\/www.amigofielbombarral.com\\\/wp-content\\\/uploads\\\/2021\\\/09\\\/241100524_841051346781085_2148428750736641116_n.jpg\",\"datePublished\":\"2021-09-30T16:26:27+00:00\",\"dateModified\":\"2021-09-30T17:25:31+00:00\",\"breadcrumb\":{\"@id\":\"https:\\\/\\\/www.amigofielbombarral.com\\\/precisamos-de-voluntarios-no-abrigo\\\/#breadcrumb\"},\"inLanguage\":\"en-GB\",\"potentialAction\":[{\"@type\":\"ReadAction\",\"target\":[\"https:\\\/\\\/www.amigofielbombarral.com\\\/precisamos-de-voluntarios-no-abrigo\\\/\"]}]},{\"@type\":\"ImageObject\",\"inLanguage\":\"en-GB\",\"@id\":\"https:\\\/\\\/www.amigofielbombarral.com\\\/precisamos-de-voluntarios-no-abrigo\\\/#primaryimage\",\"url\":\"https:\\\/\\\/www.amigofielbombarral.com\\\/wp-content\\\/uploads\\\/2021\\\/09\\\/241100524_841051346781085_2148428750736641116_n.jpg\",\"contentUrl\":\"https:\\\/\\\/www.amigofielbombarral.com\\\/wp-content\\\/uploads\\\/2021\\\/09\\\/241100524_841051346781085_2148428750736641116_n.jpg\",\"width\":936,\"height\":749},{\"@type\":\"BreadcrumbList\",\"@id\":\"https:\\\/\\\/www.amigofielbombarral.com\\\/precisamos-de-voluntarios-no-abrigo\\\/#breadcrumb\",\"itemListElement\":[{\"@type\":\"ListItem\",\"position\":1,\"name\":\"Home\",\"item\":\"https:\\\/\\\/www.amigofielbombarral.com\\\/\"},{\"@type\":\"ListItem\",\"position\":2,\"name\":\"Precisamos de volunt\u00e1rios no abrigo\"}]},{\"@type\":\"WebSite\",\"@id\":\"https:\\\/\\\/www.amigofielbombarral.com\\\/#website\",\"url\":\"https:\\\/\\\/www.amigofielbombarral.com\\\/\",\"name\":\"Amigo Fiel Bombarral\",\"description\":\"Associa\u00e7\u00e3o Protectora de Animais do Bombarral\\\/ Animal Protection Association of Bombarral, Portugal\",\"publisher\":{\"@id\":\"https:\\\/\\\/www.amigofielbombarral.com\\\/#organization\"},\"potentialAction\":[{\"@type\":\"SearchAction\",\"target\":{\"@type\":\"EntryPoint\",\"urlTemplate\":\"https:\\\/\\\/www.amigofielbombarral.com\\\/?s={search_term_string}\"},\"query-input\":{\"@type\":\"PropertyValueSpecification\",\"valueRequired\":true,\"valueName\":\"search_term_string\"}}],\"inLanguage\":\"en-GB\"},{\"@type\":\"Organization\",\"@id\":\"https:\\\/\\\/www.amigofielbombarral.com\\\/#organization\",\"name\":\"Amigo Fiel Bombarral\",\"url\":\"https:\\\/\\\/www.amigofielbombarral.com\\\/\",\"logo\":{\"@type\":\"ImageObject\",\"inLanguage\":\"en-GB\",\"@id\":\"https:\\\/\\\/www.amigofielbombarral.com\\\/#\\\/schema\\\/logo\\\/image\\\/\",\"url\":\"https:\\\/\\\/www.amigofielbombarral.com\\\/wp-content\\\/uploads\\\/2024\\\/03\\\/cropped-AF-logo-2024-website.png\",\"contentUrl\":\"https:\\\/\\\/www.amigofielbombarral.com\\\/wp-content\\\/uploads\\\/2024\\\/03\\\/cropped-AF-logo-2024-website.png\",\"width\":499,\"height\":261,\"caption\":\"Amigo Fiel Bombarral\"},\"image\":{\"@id\":\"https:\\\/\\\/www.amigofielbombarral.com\\\/#\\\/schema\\\/logo\\\/image\\\/\"}},{\"@type\":\"Person\",\"@id\":\"https:\\\/\\\/www.amigofielbombarral.com\\\/#\\\/schema\\\/person\\\/4b039dcdf037bb5e74f209cbdf1e37bc\",\"name\":\"Amigo Fiel\",\"image\":{\"@type\":\"ImageObject\",\"inLanguage\":\"en-GB\",\"@id\":\"https:\\\/\\\/secure.gravatar.com\\\/avatar\\\/0b6f79f376eae73721c304474e71d85088ba8206bad9f4524bc5e3f65e219c2b?s=96&d=mm&r=g\",\"url\":\"https:\\\/\\\/secure.gravatar.com\\\/avatar\\\/0b6f79f376eae73721c304474e71d85088ba8206bad9f4524bc5e3f65e219c2b?s=96&d=mm&r=g\",\"contentUrl\":\"https:\\\/\\\/secure.gravatar.com\\\/avatar\\\/0b6f79f376eae73721c304474e71d85088ba8206bad9f4524bc5e3f65e219c2b?s=96&d=mm&r=g\",\"caption\":\"Amigo Fiel\"},\"url\":\"https:\\\/\\\/www.amigofielbombarral.com\\\/en\\\/author\\\/amigo-fiel\\\/\"}]}<\/script>\n<!-- \/ Yoast SEO plugin. -->","yoast_head_json":{"title":"Precisamos de volunt\u00e1rios no abrigo - Amigo Fiel Bombarral","robots":{"index":"index","follow":"follow","max-snippet":"max-snippet:-1","max-image-preview":"max-image-preview:large","max-video-preview":"max-video-preview:-1"},"canonical":"https:\/\/www.amigofielbombarral.com\/en\/precisamos-de-voluntarios-no-abrigo\/","og_locale":"en_GB","og_type":"article","og_title":"Precisamos de volunt\u00e1rios no abrigo - Amigo Fiel Bombarral","og_description":"O voluntariado na Associa\u00e7\u00e3o Amigo Fiel poder\u00e1 assumir v\u00e1rias formas, consoante a sua disponibilidade e aptid\u00e3o. Sendo que o mais necess\u00e1rio \u00e9 o tratamento di\u00e1rio dos animais que albergamos.","og_url":"https:\/\/www.amigofielbombarral.com\/en\/precisamos-de-voluntarios-no-abrigo\/","og_site_name":"Amigo Fiel Bombarral","article_published_time":"2021-09-30T16:26:27+00:00","article_modified_time":"2021-09-30T17:25:31+00:00","og_image":[{"width":936,"height":749,"url":"https:\/\/www.amigofielbombarral.com\/wp-content\/uploads\/2021\/09\/241100524_841051346781085_2148428750736641116_n.jpg","type":"image\/jpeg"}],"author":"Amigo Fiel","twitter_card":"summary_large_image","twitter_misc":{"Written by":"Amigo Fiel","Estimated reading time":"1 minute"},"schema":{"@context":"https:\/\/schema.org","@graph":[{"@type":"Article","@id":"https:\/\/www.amigofielbombarral.com\/precisamos-de-voluntarios-no-abrigo\/#article","isPartOf":{"@id":"https:\/\/www.amigofielbombarral.com\/precisamos-de-voluntarios-no-abrigo\/"},"author":{"name":"Amigo Fiel","@id":"https:\/\/www.amigofielbombarral.com\/#\/schema\/person\/4b039dcdf037bb5e74f209cbdf1e37bc"},"headline":"Precisamos de volunt\u00e1rios no abrigo","datePublished":"2021-09-30T16:26:27+00:00","dateModified":"2021-09-30T17:25:31+00:00","mainEntityOfPage":{"@id":"https:\/\/www.amigofielbombarral.com\/precisamos-de-voluntarios-no-abrigo\/"},"wordCount":89,"publisher":{"@id":"https:\/\/www.amigofielbombarral.com\/#organization"},"image":{"@id":"https:\/\/www.amigofielbombarral.com\/precisamos-de-voluntarios-no-abrigo\/#primaryimage"},"thumbnailUrl":"https:\/\/www.amigofielbombarral.com\/wp-content\/uploads\/2021\/09\/241100524_841051346781085_2148428750736641116_n.jpg","articleSection":["Not\u00edcias"],"inLanguage":"en-GB"},{"@type":"WebPage","@id":"https:\/\/www.amigofielbombarral.com\/precisamos-de-voluntarios-no-abrigo\/","url":"https:\/\/www.amigofielbombarral.com\/precisamos-de-voluntarios-no-abrigo\/","name":"Precisamos de volunt\u00e1rios no abrigo - Amigo Fiel Bombarral","isPartOf":{"@id":"https:\/\/www.amigofielbombarral.com\/#website"},"primaryImageOfPage":{"@id":"https:\/\/www.amigofielbombarral.com\/precisamos-de-voluntarios-no-abrigo\/#primaryimage"},"image":{"@id":"https:\/\/www.amigofielbombarral.com\/precisamos-de-voluntarios-no-abrigo\/#primaryimage"},"thumbnailUrl":"https:\/\/www.amigofielbombarral.com\/wp-content\/uploads\/2021\/09\/241100524_841051346781085_2148428750736641116_n.jpg","datePublished":"2021-09-30T16:26:27+00:00","dateModified":"2021-09-30T17:25:31+00:00","breadcrumb":{"@id":"https:\/\/www.amigofielbombarral.com\/precisamos-de-voluntarios-no-abrigo\/#breadcrumb"},"inLanguage":"en-GB","potentialAction":[{"@type":"ReadAction","target":["https:\/\/www.amigofielbombarral.com\/precisamos-de-voluntarios-no-abrigo\/"]}]},{"@type":"ImageObject","inLanguage":"en-GB","@id":"https:\/\/www.amigofielbombarral.com\/precisamos-de-voluntarios-no-abrigo\/#primaryimage","url":"https:\/\/www.amigofielbombarral.com\/wp-content\/uploads\/2021\/09\/241100524_841051346781085_2148428750736641116_n.jpg","contentUrl":"https:\/\/www.amigofielbombarral.com\/wp-content\/uploads\/2021\/09\/241100524_841051346781085_2148428750736641116_n.jpg","width":936,"height":749},{"@type":"BreadcrumbList","@id":"https:\/\/www.amigofielbombarral.com\/precisamos-de-voluntarios-no-abrigo\/#breadcrumb","itemListElement":[{"@type":"ListItem","position":1,"name":"Home","item":"https:\/\/www.amigofielbombarral.com\/"},{"@type":"ListItem","position":2,"name":"Precisamos de volunt\u00e1rios no abrigo"}]},{"@type":"WebSite","@id":"https:\/\/www.amigofielbombarral.com\/#website","url":"https:\/\/www.amigofielbombarral.com\/","name":"Amigo Fiel Bombarral","description":"Associa\u00e7\u00e3o Protectora de Animais do Bombarral\/ Animal Protection Association of Bombarral, Portugal","publisher":{"@id":"https:\/\/www.amigofielbombarral.com\/#organization"},"potentialAction":[{"@type":"SearchAction","target":{"@type":"EntryPoint","urlTemplate":"https:\/\/www.amigofielbombarral.com\/?s={search_term_string}"},"query-input":{"@type":"PropertyValueSpecification","valueRequired":true,"valueName":"search_term_string"}}],"inLanguage":"en-GB"},{"@type":"Organization","@id":"https:\/\/www.amigofielbombarral.com\/#organization","name":"Amigo Fiel Bombarral","url":"https:\/\/www.amigofielbombarral.com\/","logo":{"@type":"ImageObject","inLanguage":"en-GB","@id":"https:\/\/www.amigofielbombarral.com\/#\/schema\/logo\/image\/","url":"https:\/\/www.amigofielbombarral.com\/wp-content\/uploads\/2024\/03\/cropped-AF-logo-2024-website.png","contentUrl":"https:\/\/www.amigofielbombarral.com\/wp-content\/uploads\/2024\/03\/cropped-AF-logo-2024-website.png","width":499,"height":261,"caption":"Amigo Fiel Bombarral"},"image":{"@id":"https:\/\/www.amigofielbombarral.com\/#\/schema\/logo\/image\/"}},{"@type":"Person","@id":"https:\/\/www.amigofielbombarral.com\/#\/schema\/person\/4b039dcdf037bb5e74f209cbdf1e37bc","name":"Amigo Fiel","image":{"@type":"ImageObject","inLanguage":"en-GB","@id":"https:\/\/secure.gravatar.com\/avatar\/0b6f79f376eae73721c304474e71d85088ba8206bad9f4524bc5e3f65e219c2b?s=96&d=mm&r=g","url":"https:\/\/secure.gravatar.com\/avatar\/0b6f79f376eae73721c304474e71d85088ba8206bad9f4524bc5e3f65e219c2b?s=96&d=mm&r=g","contentUrl":"https:\/\/secure.gravatar.com\/avatar\/0b6f79f376eae73721c304474e71d85088ba8206bad9f4524bc5e3f65e219c2b?s=96&d=mm&r=g","caption":"Amigo Fiel"},"url":"https:\/\/www.amigofielbombarral.com\/en\/author\/amigo-fiel\/"}]}},"_links":{"self":[{"href":"https:\/\/www.amigofielbombarral.com\/en\/wp-json\/wp\/v2\/posts\/1715","targetHints":{"allow":["GET"]}}],"collection":[{"href":"https:\/\/www.amigofielbombarral.com\/en\/wp-json\/wp\/v2\/posts"}],"about":[{"href":"https:\/\/www.amigofielbombarral.com\/en\/wp-json\/wp\/v2\/types\/post"}],"author":[{"embeddable":true,"href":"https:\/\/www.amigofielbombarral.com\/en\/wp-json\/wp\/v2\/users\/3"}],"replies":[{"embeddable":true,"href":"https:\/\/www.amigofielbombarral.com\/en\/wp-json\/wp\/v2\/comments?post=1715"}],"version-history":[{"count":1,"href":"https:\/\/www.amigofielbombarral.com\/en\/wp-json\/wp\/v2\/posts\/1715\/revisions"}],"predecessor-version":[{"id":1730,"href":"https:\/\/www.amigofielbombarral.com\/en\/wp-json\/wp\/v2\/posts\/1715\/revisions\/1730"}],"wp:featuredmedia":[{"embeddable":true,"href":"https:\/\/www.amigofielbombarral.com\/en\/wp-json\/wp\/v2\/media\/1035"}],"wp:attachment":[{"href":"https:\/\/www.amigofielbombarral.com\/en\/wp-json\/wp\/v2\/media?parent=1715"}],"wp:term":[{"taxonomy":"category","embeddable":true,"href":"https:\/\/www.amigofielbombarral.com\/en\/wp-json\/wp\/v2\/categories?post=1715"},{"taxonomy":"post_tag","embeddable":true,"href":"https:\/\/www.amigofielbombarral.com\/en\/wp-json\/wp\/v2\/tags?post=1715"}],"curies":[{"name":"wp","href":"https:\/\/api.w.org\/{rel}","templated":true}]}}